{"id":24,"date":"2026-03-29T01:21:10","date_gmt":"2026-03-29T04:21:10","guid":{"rendered":"https:\/\/ilheusempauta.com\/index.php\/2026\/03\/29\/festival-literario-celebra-obra-de-jorge-amado-no-bataclan-2\/"},"modified":"2026-03-29T01:21:10","modified_gmt":"2026-03-29T04:21:10","slug":"festival-literario-celebra-obra-de-jorge-amado-no-bataclan-2","status":"publish","type":"post","link":"https:\/\/ilheusempauta.com\/index.php\/2026\/03\/29\/festival-literario-celebra-obra-de-jorge-amado-no-bataclan-2\/","title":{"rendered":"Festival liter\u00e1rio celebra obra de Jorge Amado no Bataclan"},"content":{"rendered":"<p>O hist\u00f3rico Bataclan, recentemente restaurado, ser\u00e1 palco do Festival Liter\u00e1rio de Ilh\u00e9us, evento que celebra a rica tradi\u00e7\u00e3o liter\u00e1ria da cidade que inspirou alguns dos maiores romances da literatura brasileira.<\/p>\n<p>A programa\u00e7\u00e3o inclui mesas de debate com escritores contempor\u00e2neos, encena\u00e7\u00f5es teatrais baseadas em obras de Jorge Amado, Adonias Filho e outros autores ligados \u00e0 regi\u00e3o, al\u00e9m de shows musicais que misturam MPB com ritmos t\u00edpicos do sul da Bahia.<\/p>\n<p>O festival tamb\u00e9m promover\u00e1 oficinas de escrita criativa e saraus abertos \u00e0 comunidade, fortalecendo o v\u00ednculo entre a cidade e sua voca\u00e7\u00e3o liter\u00e1ria.<\/p>\n","protected":false},"excerpt":{"rendered":"<p>Semana cultural traz debates, teatro e m\u00fasica inspirados na literatura sul-baiana.<\/p>\n","protected":false},"author":1,"featured_media":25,"comment_status":"open","ping_status":"open","sticky":false,"template":"","format":"standard","meta":{"footnotes":""},"categories":[5],"tags":[],"class_list":["post-24","post","type-post","status-publish","format-standard","has-post-thumbnail","hentry","category-cultura"],"_links":{"self":[{"href":"https:\/\/ilheusempauta.com\/index.php\/wp-json\/wp\/v2\/posts\/24","targetHints":{"allow":["GET"]}}],"collection":[{"href":"https:\/\/ilheusempauta.com\/index.php\/wp-json\/wp\/v2\/posts"}],"about":[{"href":"https:\/\/ilheusempauta.com\/index.php\/wp-json\/wp\/v2\/types\/post"}],"author":[{"embeddable":true,"href":"https:\/\/ilheusempauta.com\/index.php\/wp-json\/wp\/v2\/users\/1"}],"replies":[{"embeddable":true,"href":"https:\/\/ilheusempauta.com\/index.php\/wp-json\/wp\/v2\/comments?post=24"}],"version-history":[{"count":0,"href":"https:\/\/ilheusempauta.com\/index.php\/wp-json\/wp\/v2\/posts\/24\/revisions"}],"wp:featuredmedia":[{"embeddable":true,"href":"https:\/\/ilheusempauta.com\/index.php\/wp-json\/wp\/v2\/media\/25"}],"wp:attachment":[{"href":"https:\/\/ilheusempauta.com\/index.php\/wp-json\/wp\/v2\/media?parent=24"}],"wp:term":[{"taxonomy":"category","embeddable":true,"href":"https:\/\/ilheusempauta.com\/index.php\/wp-json\/wp\/v2\/categories?post=24"},{"taxonomy":"post_tag","embeddable":true,"href":"https:\/\/ilheusempauta.com\/index.php\/wp-json\/wp\/v2\/tags?post=24"}],"curies":[{"name":"wp","href":"https:\/\/api.w.org\/{rel}","templated":true}]}}